{"id":1047,"date":"2020-07-28T19:58:16","date_gmt":"2020-07-28T17:58:16","guid":{"rendered":"http:\/\/encrenous.fr\/?p=1047"},"modified":"2026-09-02T16:17:40","modified_gmt":"2026-09-02T14:17:40","slug":"jai-chante-ou-jai-chanter","status":"publish","type":"post","link":"https:\/\/encrenous.fr\/index.php\/2020\/07\/28\/jai-chante-ou-jai-chanter\/","title":{"rendered":"J&rsquo;ai chant\u00e9 ou j&rsquo;ai chanter* ?"},"content":{"rendered":"\n<p class=\"wp-block-paragraph\">Comment ne plus se tromper et reconna\u00eetre la terminaison en <em>\u00e9<\/em> et la terminaison en <em>er<\/em> : <strong>j&rsquo;ai chant\u00e9 <\/strong>toute la nuit- <strong>il a voulu aller<\/strong> plus loin<\/p>\n\n\n\n<h2 class=\"wp-block-heading has-medium-font-size\"><strong>Trucs et astuces pour savoir quand \u00e9crire l\u2019infinitif <em>er<\/em> ou le participe pass\u00e9 <em>\u00e9<\/em><\/strong><\/h2>\n\n\n\n<figure class=\"wp-block-image aligncenter size-large is-resized\"><img loading=\"lazy\" decoding=\"async\" width=\"1024\" height=\"405\" src=\"https:\/\/encrenous.fr\/wp-content\/uploads\/2020\/07\/terminsaison-e-er-jai-chante-jai-chanter-1024x405.png\" alt=\"J'ai chant\u00e9 - terminaison \u00e9 ou er\" class=\"wp-image-1973\" srcset=\"https:\/\/encrenous.fr\/wp-content\/uploads\/2020\/07\/terminsaison-e-er-jai-chante-jai-chanter-1024x405.png 1024w, https:\/\/encrenous.fr\/wp-content\/uploads\/2020\/07\/terminsaison-e-er-jai-chante-jai-chanter-300x119.png 300w, https:\/\/encrenous.fr\/wp-content\/uploads\/2020\/07\/terminsaison-e-er-jai-chante-jai-chanter-768x304.png 768w, https:\/\/encrenous.fr\/wp-content\/uploads\/2020\/07\/terminsaison-e-er-jai-chante-jai-chanter.png 1416w\" sizes=\"auto, (max-width: 1024px) 100vw, 1024px\" \/><figcaption class=\"wp-element-caption\">J&rsquo;ai + participe pass\u00e9<\/figcaption><\/figure>\n\n\n\n<p class=\"has-black-color has-text-color has-link-color has-medium-font-size wp-elements-1 wp-block-paragraph\"><strong>L\u2019infinitif est le nom du verbe, le <a href=\"https:\/\/encrenous.fr\/index.php\/2021\/09\/28\/laccord-du-participe-passe-au-passe-compose-avec-le-verbe-avoir\/\">participe pass\u00e9 <\/a>sert \u00e0 conjuguer le verbe ou joue le r\u00f4le d\u2019adjectif.<\/strong><\/p>\n\n\n\n<p class=\"wp-block-paragraph\" style=\"font-size:18px\">Pour \u00e9viter une coquille dans une phrase, on remplace le verbe qui se finit par le son<em> \u00e9<\/em> par un verbe qui se termine en <em>ir<\/em> (du 2<sup>\u00e8me<\/sup> ou 3<sup>\u00e8me<\/sup> groupe). Si le nouveau verbe est \u00e0 l&rsquo;infinitif (courir, finir), le verbe qui pose question est \u00e0 l&rsquo;infinitif, il se termine par <em>er. <\/em> Si le nouveau verbe n&rsquo;est pas \u00e0 l&rsquo;infinitif (couru, fini), le verbe qui pose question est un participe pass\u00e9, il se termine par <em>\u00e9.<\/em><\/p>\n\n\n\n<p class=\"wp-block-paragraph\" style=\"font-size:18px\">Mais encore ? Explication par l&rsquo;exemple :<\/p>\n\n\n\n<p class=\"has-very-dark-gray-color has-text-color wp-block-paragraph\" style=\"font-size:18px\"><strong>J\u2019ai mang\u00e9 <\/strong>un excellent g\u00e2teau = <strong>j\u2019ai englouti<\/strong> un succulent dessert au chocolat et non <strong>j\u2019ai engloutir*<\/strong> un fabuleux cake. Il s\u2019agit bien du participe pass\u00e9, on \u00e9crit <em>\u00e9.<\/em><\/p>\n\n\n\n<figure class=\"wp-block-image aligncenter size-full is-resized\"><img loading=\"lazy\" decoding=\"async\" width=\"315\" height=\"350\" src=\"https:\/\/encrenous.fr\/wp-content\/uploads\/2020\/07\/Terminaison-e-ou-er-jai-mange.jpg\" alt=\"j'ai mang\u00e9 - terminaison \u00e9 ou er\" class=\"wp-image-1975\" style=\"width:295px;height:auto\" srcset=\"https:\/\/encrenous.fr\/wp-content\/uploads\/2020\/07\/Terminaison-e-ou-er-jai-mange.jpg 315w, https:\/\/encrenous.fr\/wp-content\/uploads\/2020\/07\/Terminaison-e-ou-er-jai-mange-270x300.jpg 270w\" sizes=\"auto, (max-width: 315px) 100vw, 315px\" \/><figcaption class=\"wp-element-caption\">J&rsquo;ai aval\u00e9 un bon g\u00e2teau<\/figcaption><\/figure>\n\n\n\n<p class=\"has-text-color wp-block-paragraph\" style=\"color:#0e0e0e;font-size:18px\">Nous sommes heureux de vous <strong>rencontrer<\/strong> bient\u00f4t = nous sommes contents de vous <strong>voir<\/strong> prochainement. Il s\u2019agit bien du verbe \u00e0 l\u2019infinitif, &nbsp;on \u00e9crit <em>er.<\/em><\/p>\n\n\n\n<div style=\"height:40px\" aria-hidden=\"true\" class=\"wp-block-spacer\"><\/div>\n\n\n\n<figure class=\"wp-block-image aligncenter size-full is-resized\"><img loading=\"lazy\" decoding=\"async\" width=\"286\" height=\"200\" src=\"https:\/\/encrenous.fr\/wp-content\/uploads\/2020\/07\/Terminaison-e-er-il-est-alle-preparer-sa-valise.jpg\" alt=\"Terminaison \u00e9 - er : il est all\u00e9 pr\u00e9parer son sac\" class=\"wp-image-1977\" style=\"width:auto;height:280px\"\/><figcaption class=\"wp-element-caption\">Il est all\u00e9 pr\u00e9parer sa valise<\/figcaption><\/figure>\n\n\n\n<p class=\"wp-block-paragraph\" style=\"font-size:18px\">Il est <strong>all\u00e9<\/strong> <strong>pr\u00e9parer<\/strong> sa valise = il est <strong>parti<\/strong> <strong>faire<\/strong> sa valise. <\/p>\n\n\n\n<p class=\"wp-block-paragraph\" style=\"font-size:18px\"><em><strong>All\u00e9<\/strong><\/em>&nbsp;peut \u00eatre remplac\u00e9 par <em>&nbsp;<strong>parti<\/strong> <\/em>: il s\u2019agit du <strong>participe pass\u00e9<\/strong>, on \u00e9crit <em>&nbsp;<strong>\u00e9<\/strong><\/em>.<\/p>\n\n\n\n<p class=\"wp-block-paragraph\" style=\"font-size:18px\"><strong><em>Pr\u00e9parer<\/em><\/strong> peut \u00eatre remplac\u00e9 par <em><strong>faire<\/strong> <\/em>&nbsp;: il s\u2019agit de l\u2019<strong>infinitif<\/strong>, on \u00e9crit <em><strong>er<\/strong><\/em>.<\/p>\n\n\n\n<figure class=\"wp-block-image aligncenter size-full is-resized\"><img loading=\"lazy\" decoding=\"async\" width=\"236\" height=\"380\" src=\"https:\/\/encrenous.fr\/wp-content\/uploads\/2020\/07\/Terminaison-e-ou-er-jouer-de-la-guitare-est-grisant.jpg\" alt=\"Jouer de la guitare - terminaison \u00e9 ou er\" class=\"wp-image-1979\" srcset=\"https:\/\/encrenous.fr\/wp-content\/uploads\/2020\/07\/Terminaison-e-ou-er-jouer-de-la-guitare-est-grisant.jpg 236w, https:\/\/encrenous.fr\/wp-content\/uploads\/2020\/07\/Terminaison-e-ou-er-jouer-de-la-guitare-est-grisant-186x300.jpg 186w\" sizes=\"auto, (max-width: 236px) 100vw, 236px\" \/><figcaption class=\"wp-element-caption\">Jouer de la  guitare est grisant<\/figcaption><\/figure>\n\n\n\n<p class=\"has-very-dark-gray-color has-text-color wp-block-paragraph\" style=\"font-size:18px\"><strong>Jouer<\/strong> de la musique est bon pour le moral = <strong>faire<\/strong> d\u2019un instrument met de bonne humeur.<\/p>\n\n\n\n<div style=\"height:3px\" aria-hidden=\"true\" class=\"wp-block-spacer\"><\/div>\n\n\n\n<p class=\"wp-block-paragraph\" style=\"font-size:18px\"><strong>Enchant\u00e9<\/strong> de sa balade en montagne, Luc pr\u00e9voit une randonn\u00e9e hebdomadaire = <strong>content<\/strong> de sa promenade, Luc projette de visiter toute la r\u00e9gion \u00e0 pied.<\/p>\n\n\n\n<p class=\"wp-block-paragraph\" style=\"font-size:18px\">Dans cette phrase, <em>enchant\u00e9<\/em> est employ\u00e9 comme un adjectif, il s\u2019accorde donc en genre et en nombre avec l&rsquo;objet ou la personne qu&rsquo;il qualifie, ici Luc.&nbsp;Dans les phrases suivantes, <em>enchant\u00e9es<\/em> correspond \u00e0 <em>filles<\/em>, <em>us\u00e9es<\/em> qualifie <em>chaussures<\/em>.<\/p>\n\n\n\n<figure class=\"wp-block-image aligncenter size-full is-resized\"><img loading=\"lazy\" decoding=\"async\" width=\"373\" height=\"380\" src=\"https:\/\/encrenous.fr\/wp-content\/uploads\/2020\/07\/Terminaison-e-ou-er-enchante-de-sa-balade.png\" alt=\"Terminaison \u00e9 ou er - enchant\u00e9 de sa balade\" class=\"wp-image-1980\" srcset=\"https:\/\/encrenous.fr\/wp-content\/uploads\/2020\/07\/Terminaison-e-ou-er-enchante-de-sa-balade.png 373w, https:\/\/encrenous.fr\/wp-content\/uploads\/2020\/07\/Terminaison-e-ou-er-enchante-de-sa-balade-294x300.png 294w\" sizes=\"auto, (max-width: 373px) 100vw, 373px\" \/><figcaption class=\"wp-element-caption\">Enchant\u00e9 de sa balade<\/figcaption><\/figure>\n\n\n\n<p class=\"wp-block-paragraph\" style=\"font-size:18px\"><strong>Enchant\u00e9es<\/strong> de leur s\u00e9jour, <strong>les filles<\/strong> sont pr\u00eates \u00e0 repartir en Normandie = <strong>satisfaites<\/strong> de leurs vacances, <strong>elles<\/strong> veulent revoir la Normandie.<\/p>\n\n\n\n<figure class=\"wp-block-image aligncenter size-full is-resized\"><img loading=\"lazy\" decoding=\"async\" width=\"640\" height=\"426\" src=\"https:\/\/encrenous.fr\/wp-content\/uploads\/2020\/07\/Terminaison-e-ou-er-enchantees-elles-souhaitent-continuer.jpeg\" alt=\"Terminaison \u00e9es ou er : enchant\u00e9es, elles\" class=\"wp-image-1984\" style=\"width:auto;height:250px\" srcset=\"https:\/\/encrenous.fr\/wp-content\/uploads\/2020\/07\/Terminaison-e-ou-er-enchantees-elles-souhaitent-continuer.jpeg 640w, https:\/\/encrenous.fr\/wp-content\/uploads\/2020\/07\/Terminaison-e-ou-er-enchantees-elles-souhaitent-continuer-300x200.jpeg 300w\" sizes=\"auto, (max-width: 640px) 100vw, 640px\" \/><figcaption class=\"wp-element-caption\">Enchant\u00e9es de leur s\u00e9jour<\/figcaption><\/figure>\n\n\n\n<p class=\"wp-block-paragraph\" style=\"font-size:18px\">Trop <strong>us\u00e9es<\/strong>, <strong>les chaussures<\/strong> ne serviront plus. Trop <strong>vieilles, elles<\/strong> vont aller \u00e0 la poubelle. <\/p>\n\n\n\n<p class=\"wp-block-paragraph\" style=\"font-size:18px\"><strong>Pour la petite histoire<\/strong>&nbsp;:<\/p>\n\n\n\n<p class=\"wp-block-paragraph\" style=\"font-size:18px\">Le nom <em>infinitif<\/em>&nbsp; date de 1348, nom issu du latin<em> Modus infinitivus<\/em>, qui signifiait <em>mode sans limite, sans fin<\/em> car il repr\u00e9sente le \u00ab&nbsp;mode impersonnel&nbsp; du verbe qui exprime l\u2019action ou l\u2019\u00e9tat de fa\u00e7on abstraite et ind\u00e9termin\u00e9e&nbsp;\u00bb, c\u2019est-\u00e0-dire sans pr\u00e9ciser ni qui ni quand. (Marcher, bondir, courir). <a href=\"https:\/\/www.cnrtl.fr\/etymologie\/infinitif\" target=\"_blank\" rel=\"noreferrer noopener\">https:\/\/www.cnrtl.fr\/etymologie\/infinitif<\/a><\/p>\n\n\n\n<p class=\"wp-block-paragraph\" style=\"font-size:18px\">Le nom <em>participe<\/em>, pass\u00e9 ou pr\u00e9sent,&nbsp; date de 1265. <em>Participe<\/em> signifie <em>partage<\/em>. Le participe est la \u00ab&nbsp;forme modale du verbe qui participe de l\u2019adjectif et du verbe&nbsp;\u00bb, autrement dit qui peut \u00eatre utilis\u00e9e comme un adjectif ou conjugu\u00e9e avec un auxiliaire (\u00eatre ou avoir). (March\u00e9-marchant \/ bondi-bondissant \/ couru-courant). <a href=\"https:\/\/www.cnrtl.fr\/etymologie\/participe\" target=\"_blank\" rel=\"noreferrer noopener\">https:\/\/www.cnrtl.fr\/etymologie\/participe<\/a><\/p>\n\n\n\n<ul class=\"wp-block-list\">\n<li>: ne s&rsquo;\u00e9crit ni ne se dit.<\/li>\n<\/ul>\n\n\n\n<div class=\"wp-block-buttons is-layout-flex wp-block-buttons-is-layout-flex\">\n<div class=\"wp-block-button\"><a class=\"wp-block-button__link has-background wp-element-button\" href=\"https:\/\/encrenous.fr\/index.php\/contact\/\" style=\"background-color:#339966\" target=\"_blank\" rel=\"noreferrer noopener\">Pour me contacter, c&rsquo;est ici<\/a><\/div>\n<\/div>\n","protected":false},"excerpt":{"rendered":"<p>Er ou \u00e9 : quand utiliser l&rsquo;infinitif ou le participe pass\u00e9 ?<\/p>\n","protected":false},"author":1,"featured_media":1973,"comment_status":"open","ping_status":"open","sticky":false,"template":"","format":"standard","meta":{"footnotes":""},"categories":[5],"tags":[],"class_list":["post-1047","post","type-post","status-publish","format-standard","has-post-thumbnail","hentry","category-trucs-et-astuces-pour-eviter-les-erreurs-a-lecrit"],"yoast_head":"<!-- This site is optimized with the Yoast SEO plugin v28.4 - https:\/\/yoast.com\/product\/yoast-seo-wordpress\/ -->\n<title>J&#039;ai chant\u00e9 ou j&#039;ai chanter* ? - Encre-nous<\/title>\n<meta name=\"description\" content=\"Comment retrouver la terminaison du verbe, diff\u00e9rencier l&#039;infinitif du participe pass\u00e9, et ne plus m\u00e9langer \u00e9 - er\" \/>\n<meta name=\"robots\" content=\"index, follow, max-snippet:-1, max-image-preview:large, max-video-preview:-1\" \/>\n<link rel=\"canonical\" href=\"https:\/\/encrenous.fr\/index.php\/2020\/07\/28\/jai-chante-ou-jai-chanter\/\" \/>\n<meta property=\"og:locale\" content=\"fr_FR\" \/>\n<meta property=\"og:type\" content=\"article\" \/>\n<meta property=\"og:title\" content=\"J&#039;ai chant\u00e9 ou j&#039;ai chanter* ? - Encre-nous\" \/>\n<meta property=\"og:description\" content=\"Comment retrouver la terminaison du verbe, diff\u00e9rencier l&#039;infinitif du participe pass\u00e9, et ne plus m\u00e9langer \u00e9 - er\" \/>\n<meta property=\"og:url\" content=\"https:\/\/encrenous.fr\/index.php\/2020\/07\/28\/jai-chante-ou-jai-chanter\/\" \/>\n<meta property=\"og:site_name\" content=\"Encre-nous\" \/>\n<meta property=\"article:publisher\" content=\"https:\/\/www.facebook.com\/Encrenous.ecrivainpublic\" \/>\n<meta property=\"article:published_time\" content=\"2020-07-28T17:58:16+00:00\" \/>\n<meta property=\"article:modified_time\" content=\"2026-09-02T14:17:40+00:00\" \/>\n<meta property=\"og:image\" content=\"https:\/\/encrenous.fr\/wp-content\/uploads\/2020\/07\/terminsaison-e-er-jai-chante-jai-chanter.png\" \/>\n\t<meta property=\"og:image:width\" content=\"1416\" \/>\n\t<meta property=\"og:image:height\" content=\"560\" \/>\n\t<meta property=\"og:image:type\" content=\"image\/png\" \/>\n<meta name=\"author\" content=\"AgnesRiviere\" \/>\n<meta name=\"twitter:card\" content=\"summary_large_image\" \/>\n<meta name=\"twitter:label1\" content=\"\u00c9crit par\" \/>\n\t<meta name=\"twitter:data1\" content=\"AgnesRiviere\" \/>\n\t<meta name=\"twitter:label2\" content=\"Dur\u00e9e de lecture estim\u00e9e\" \/>\n\t<meta name=\"twitter:data2\" content=\"4 minutes\" \/>\n<script type=\"application\/ld+json\" class=\"yoast-schema-graph\">{\"@context\":\"https:\\\/\\\/schema.org\",\"@graph\":[{\"@type\":\"Article\",\"@id\":\"https:\\\/\\\/encrenous.fr\\\/index.php\\\/2020\\\/07\\\/28\\\/jai-chante-ou-jai-chanter\\\/#article\",\"isPartOf\":{\"@id\":\"https:\\\/\\\/encrenous.fr\\\/index.php\\\/2020\\\/07\\\/28\\\/jai-chante-ou-jai-chanter\\\/\"},\"author\":{\"name\":\"AgnesRiviere\",\"@id\":\"https:\\\/\\\/encrenous.fr\\\/#\\\/schema\\\/person\\\/13df09bd9167cb712735ada1e08dfb33\"},\"headline\":\"J&rsquo;ai chant\u00e9 ou j&rsquo;ai chanter* ?\",\"datePublished\":\"2020-07-28T17:58:16+00:00\",\"dateModified\":\"2026-09-02T14:17:40+00:00\",\"mainEntityOfPage\":{\"@id\":\"https:\\\/\\\/encrenous.fr\\\/index.php\\\/2020\\\/07\\\/28\\\/jai-chante-ou-jai-chanter\\\/\"},\"wordCount\":558,\"commentCount\":0,\"publisher\":{\"@id\":\"https:\\\/\\\/encrenous.fr\\\/#organization\"},\"image\":{\"@id\":\"https:\\\/\\\/encrenous.fr\\\/index.php\\\/2020\\\/07\\\/28\\\/jai-chante-ou-jai-chanter\\\/#primaryimage\"},\"thumbnailUrl\":\"https:\\\/\\\/encrenous.fr\\\/wp-content\\\/uploads\\\/2020\\\/07\\\/terminsaison-e-er-jai-chante-jai-chanter.png\",\"articleSection\":[\"Trucs et astuces pour \u00e9viter les erreurs \u00e0 l'\u00e9crit\"],\"inLanguage\":\"fr-FR\",\"potentialAction\":[{\"@type\":\"CommentAction\",\"name\":\"Comment\",\"target\":[\"https:\\\/\\\/encrenous.fr\\\/index.php\\\/2020\\\/07\\\/28\\\/jai-chante-ou-jai-chanter\\\/#respond\"]}]},{\"@type\":\"WebPage\",\"@id\":\"https:\\\/\\\/encrenous.fr\\\/index.php\\\/2020\\\/07\\\/28\\\/jai-chante-ou-jai-chanter\\\/\",\"url\":\"https:\\\/\\\/encrenous.fr\\\/index.php\\\/2020\\\/07\\\/28\\\/jai-chante-ou-jai-chanter\\\/\",\"name\":\"J'ai chant\u00e9 ou j'ai chanter* ? - Encre-nous\",\"isPartOf\":{\"@id\":\"https:\\\/\\\/encrenous.fr\\\/#website\"},\"primaryImageOfPage\":{\"@id\":\"https:\\\/\\\/encrenous.fr\\\/index.php\\\/2020\\\/07\\\/28\\\/jai-chante-ou-jai-chanter\\\/#primaryimage\"},\"image\":{\"@id\":\"https:\\\/\\\/encrenous.fr\\\/index.php\\\/2020\\\/07\\\/28\\\/jai-chante-ou-jai-chanter\\\/#primaryimage\"},\"thumbnailUrl\":\"https:\\\/\\\/encrenous.fr\\\/wp-content\\\/uploads\\\/2020\\\/07\\\/terminsaison-e-er-jai-chante-jai-chanter.png\",\"datePublished\":\"2020-07-28T17:58:16+00:00\",\"dateModified\":\"2026-09-02T14:17:40+00:00\",\"description\":\"Comment retrouver la terminaison du verbe, diff\u00e9rencier l'infinitif du participe pass\u00e9, et ne plus m\u00e9langer \u00e9 - er\",\"breadcrumb\":{\"@id\":\"https:\\\/\\\/encrenous.fr\\\/index.php\\\/2020\\\/07\\\/28\\\/jai-chante-ou-jai-chanter\\\/#breadcrumb\"},\"inLanguage\":\"fr-FR\",\"potentialAction\":[{\"@type\":\"ReadAction\",\"target\":[\"https:\\\/\\\/encrenous.fr\\\/index.php\\\/2020\\\/07\\\/28\\\/jai-chante-ou-jai-chanter\\\/\"]}]},{\"@type\":\"ImageObject\",\"inLanguage\":\"fr-FR\",\"@id\":\"https:\\\/\\\/encrenous.fr\\\/index.php\\\/2020\\\/07\\\/28\\\/jai-chante-ou-jai-chanter\\\/#primaryimage\",\"url\":\"https:\\\/\\\/encrenous.fr\\\/wp-content\\\/uploads\\\/2020\\\/07\\\/terminsaison-e-er-jai-chante-jai-chanter.png\",\"contentUrl\":\"https:\\\/\\\/encrenous.fr\\\/wp-content\\\/uploads\\\/2020\\\/07\\\/terminsaison-e-er-jai-chante-jai-chanter.png\",\"width\":1416,\"height\":560,\"caption\":\"La terminaison des verbes : er\\\/\u00e9\"},{\"@type\":\"BreadcrumbList\",\"@id\":\"https:\\\/\\\/encrenous.fr\\\/index.php\\\/2020\\\/07\\\/28\\\/jai-chante-ou-jai-chanter\\\/#breadcrumb\",\"itemListElement\":[{\"@type\":\"ListItem\",\"position\":1,\"name\":\"Accueil\",\"item\":\"https:\\\/\\\/encrenous.fr\\\/\"},{\"@type\":\"ListItem\",\"position\":2,\"name\":\"J&rsquo;ai chant\u00e9 ou j&rsquo;ai chanter* ?\"}]},{\"@type\":\"WebSite\",\"@id\":\"https:\\\/\\\/encrenous.fr\\\/#website\",\"url\":\"https:\\\/\\\/encrenous.fr\\\/\",\"name\":\"Encre-nous\",\"description\":\"\u00e9crivain public\",\"publisher\":{\"@id\":\"https:\\\/\\\/encrenous.fr\\\/#organization\"},\"alternateName\":\"\u00e9crivain public Chamb\u00e9ry Savoie\",\"potentialAction\":[{\"@type\":\"SearchAction\",\"target\":{\"@type\":\"EntryPoint\",\"urlTemplate\":\"https:\\\/\\\/encrenous.fr\\\/?s={search_term_string}\"},\"query-input\":{\"@type\":\"PropertyValueSpecification\",\"valueRequired\":true,\"valueName\":\"search_term_string\"}}],\"inLanguage\":\"fr-FR\"},{\"@type\":\"Organization\",\"@id\":\"https:\\\/\\\/encrenous.fr\\\/#organization\",\"name\":\"Encre-nous\",\"url\":\"https:\\\/\\\/encrenous.fr\\\/\",\"logo\":{\"@type\":\"ImageObject\",\"inLanguage\":\"fr-FR\",\"@id\":\"https:\\\/\\\/encrenous.fr\\\/#\\\/schema\\\/logo\\\/image\\\/\",\"url\":\"https:\\\/\\\/encrenous.fr\\\/wp-content\\\/uploads\\\/2020\\\/01\\\/Profil.jpg\",\"contentUrl\":\"https:\\\/\\\/encrenous.fr\\\/wp-content\\\/uploads\\\/2020\\\/01\\\/Profil.jpg\",\"width\":314,\"height\":315,\"caption\":\"Encre-nous\"},\"image\":{\"@id\":\"https:\\\/\\\/encrenous.fr\\\/#\\\/schema\\\/logo\\\/image\\\/\"},\"sameAs\":[\"https:\\\/\\\/www.facebook.com\\\/Encrenous.ecrivainpublic\",\"https:\\\/\\\/www.linkedin.com\\\/in\\\/agn\u00e8s-rivi\u00e8re-69307bb8\\\/\",\"https:\\\/\\\/www.instagram.com\\\/agnes73riviere\"]},{\"@type\":\"Person\",\"@id\":\"https:\\\/\\\/encrenous.fr\\\/#\\\/schema\\\/person\\\/13df09bd9167cb712735ada1e08dfb33\",\"name\":\"AgnesRiviere\",\"image\":{\"@type\":\"ImageObject\",\"inLanguage\":\"fr-FR\",\"@id\":\"https:\\\/\\\/secure.gravatar.com\\\/avatar\\\/06ac67e77a23740b81effada0a78c4edcc41bfbe60ce3f516f209cc6f66874fd?s=96&d=mm&r=g\",\"url\":\"https:\\\/\\\/secure.gravatar.com\\\/avatar\\\/06ac67e77a23740b81effada0a78c4edcc41bfbe60ce3f516f209cc6f66874fd?s=96&d=mm&r=g\",\"contentUrl\":\"https:\\\/\\\/secure.gravatar.com\\\/avatar\\\/06ac67e77a23740b81effada0a78c4edcc41bfbe60ce3f516f209cc6f66874fd?s=96&d=mm&r=g\",\"caption\":\"AgnesRiviere\"},\"url\":\"https:\\\/\\\/encrenous.fr\\\/index.php\\\/author\\\/agnesriviere\\\/\"}]}<\/script>\n<!-- \/ Yoast SEO plugin. -->","yoast_head_json":{"title":"J'ai chant\u00e9 ou j'ai chanter* ? - Encre-nous","description":"Comment retrouver la terminaison du verbe, diff\u00e9rencier l'infinitif du participe pass\u00e9, et ne plus m\u00e9langer \u00e9 - er","robots":{"index":"index","follow":"follow","max-snippet":"max-snippet:-1","max-image-preview":"max-image-preview:large","max-video-preview":"max-video-preview:-1"},"canonical":"https:\/\/encrenous.fr\/index.php\/2020\/07\/28\/jai-chante-ou-jai-chanter\/","og_locale":"fr_FR","og_type":"article","og_title":"J'ai chant\u00e9 ou j'ai chanter* ? - Encre-nous","og_description":"Comment retrouver la terminaison du verbe, diff\u00e9rencier l'infinitif du participe pass\u00e9, et ne plus m\u00e9langer \u00e9 - er","og_url":"https:\/\/encrenous.fr\/index.php\/2020\/07\/28\/jai-chante-ou-jai-chanter\/","og_site_name":"Encre-nous","article_publisher":"https:\/\/www.facebook.com\/Encrenous.ecrivainpublic","article_published_time":"2020-07-28T17:58:16+00:00","article_modified_time":"2026-09-02T14:17:40+00:00","og_image":[{"width":1416,"height":560,"url":"https:\/\/encrenous.fr\/wp-content\/uploads\/2020\/07\/terminsaison-e-er-jai-chante-jai-chanter.png","type":"image\/png"}],"author":"AgnesRiviere","twitter_card":"summary_large_image","twitter_misc":{"\u00c9crit par":"AgnesRiviere","Dur\u00e9e de lecture estim\u00e9e":"4 minutes"},"schema":{"@context":"https:\/\/schema.org","@graph":[{"@type":"Article","@id":"https:\/\/encrenous.fr\/index.php\/2020\/07\/28\/jai-chante-ou-jai-chanter\/#article","isPartOf":{"@id":"https:\/\/encrenous.fr\/index.php\/2020\/07\/28\/jai-chante-ou-jai-chanter\/"},"author":{"name":"AgnesRiviere","@id":"https:\/\/encrenous.fr\/#\/schema\/person\/13df09bd9167cb712735ada1e08dfb33"},"headline":"J&rsquo;ai chant\u00e9 ou j&rsquo;ai chanter* ?","datePublished":"2020-07-28T17:58:16+00:00","dateModified":"2026-09-02T14:17:40+00:00","mainEntityOfPage":{"@id":"https:\/\/encrenous.fr\/index.php\/2020\/07\/28\/jai-chante-ou-jai-chanter\/"},"wordCount":558,"commentCount":0,"publisher":{"@id":"https:\/\/encrenous.fr\/#organization"},"image":{"@id":"https:\/\/encrenous.fr\/index.php\/2020\/07\/28\/jai-chante-ou-jai-chanter\/#primaryimage"},"thumbnailUrl":"https:\/\/encrenous.fr\/wp-content\/uploads\/2020\/07\/terminsaison-e-er-jai-chante-jai-chanter.png","articleSection":["Trucs et astuces pour \u00e9viter les erreurs \u00e0 l'\u00e9crit"],"inLanguage":"fr-FR","potentialAction":[{"@type":"CommentAction","name":"Comment","target":["https:\/\/encrenous.fr\/index.php\/2020\/07\/28\/jai-chante-ou-jai-chanter\/#respond"]}]},{"@type":"WebPage","@id":"https:\/\/encrenous.fr\/index.php\/2020\/07\/28\/jai-chante-ou-jai-chanter\/","url":"https:\/\/encrenous.fr\/index.php\/2020\/07\/28\/jai-chante-ou-jai-chanter\/","name":"J'ai chant\u00e9 ou j'ai chanter* ? - Encre-nous","isPartOf":{"@id":"https:\/\/encrenous.fr\/#website"},"primaryImageOfPage":{"@id":"https:\/\/encrenous.fr\/index.php\/2020\/07\/28\/jai-chante-ou-jai-chanter\/#primaryimage"},"image":{"@id":"https:\/\/encrenous.fr\/index.php\/2020\/07\/28\/jai-chante-ou-jai-chanter\/#primaryimage"},"thumbnailUrl":"https:\/\/encrenous.fr\/wp-content\/uploads\/2020\/07\/terminsaison-e-er-jai-chante-jai-chanter.png","datePublished":"2020-07-28T17:58:16+00:00","dateModified":"2026-09-02T14:17:40+00:00","description":"Comment retrouver la terminaison du verbe, diff\u00e9rencier l'infinitif du participe pass\u00e9, et ne plus m\u00e9langer \u00e9 - er","breadcrumb":{"@id":"https:\/\/encrenous.fr\/index.php\/2020\/07\/28\/jai-chante-ou-jai-chanter\/#breadcrumb"},"inLanguage":"fr-FR","potentialAction":[{"@type":"ReadAction","target":["https:\/\/encrenous.fr\/index.php\/2020\/07\/28\/jai-chante-ou-jai-chanter\/"]}]},{"@type":"ImageObject","inLanguage":"fr-FR","@id":"https:\/\/encrenous.fr\/index.php\/2020\/07\/28\/jai-chante-ou-jai-chanter\/#primaryimage","url":"https:\/\/encrenous.fr\/wp-content\/uploads\/2020\/07\/terminsaison-e-er-jai-chante-jai-chanter.png","contentUrl":"https:\/\/encrenous.fr\/wp-content\/uploads\/2020\/07\/terminsaison-e-er-jai-chante-jai-chanter.png","width":1416,"height":560,"caption":"La terminaison des verbes : er\/\u00e9"},{"@type":"BreadcrumbList","@id":"https:\/\/encrenous.fr\/index.php\/2020\/07\/28\/jai-chante-ou-jai-chanter\/#breadcrumb","itemListElement":[{"@type":"ListItem","position":1,"name":"Accueil","item":"https:\/\/encrenous.fr\/"},{"@type":"ListItem","position":2,"name":"J&rsquo;ai chant\u00e9 ou j&rsquo;ai chanter* ?"}]},{"@type":"WebSite","@id":"https:\/\/encrenous.fr\/#website","url":"https:\/\/encrenous.fr\/","name":"Encre-nous","description":"\u00e9crivain public","publisher":{"@id":"https:\/\/encrenous.fr\/#organization"},"alternateName":"\u00e9crivain public Chamb\u00e9ry Savoie","potentialAction":[{"@type":"SearchAction","target":{"@type":"EntryPoint","urlTemplate":"https:\/\/encrenous.fr\/?s={search_term_string}"},"query-input":{"@type":"PropertyValueSpecification","valueRequired":true,"valueName":"search_term_string"}}],"inLanguage":"fr-FR"},{"@type":"Organization","@id":"https:\/\/encrenous.fr\/#organization","name":"Encre-nous","url":"https:\/\/encrenous.fr\/","logo":{"@type":"ImageObject","inLanguage":"fr-FR","@id":"https:\/\/encrenous.fr\/#\/schema\/logo\/image\/","url":"https:\/\/encrenous.fr\/wp-content\/uploads\/2020\/01\/Profil.jpg","contentUrl":"https:\/\/encrenous.fr\/wp-content\/uploads\/2020\/01\/Profil.jpg","width":314,"height":315,"caption":"Encre-nous"},"image":{"@id":"https:\/\/encrenous.fr\/#\/schema\/logo\/image\/"},"sameAs":["https:\/\/www.facebook.com\/Encrenous.ecrivainpublic","https:\/\/www.linkedin.com\/in\/agn\u00e8s-rivi\u00e8re-69307bb8\/","https:\/\/www.instagram.com\/agnes73riviere"]},{"@type":"Person","@id":"https:\/\/encrenous.fr\/#\/schema\/person\/13df09bd9167cb712735ada1e08dfb33","name":"AgnesRiviere","image":{"@type":"ImageObject","inLanguage":"fr-FR","@id":"https:\/\/secure.gravatar.com\/avatar\/06ac67e77a23740b81effada0a78c4edcc41bfbe60ce3f516f209cc6f66874fd?s=96&d=mm&r=g","url":"https:\/\/secure.gravatar.com\/avatar\/06ac67e77a23740b81effada0a78c4edcc41bfbe60ce3f516f209cc6f66874fd?s=96&d=mm&r=g","contentUrl":"https:\/\/secure.gravatar.com\/avatar\/06ac67e77a23740b81effada0a78c4edcc41bfbe60ce3f516f209cc6f66874fd?s=96&d=mm&r=g","caption":"AgnesRiviere"},"url":"https:\/\/encrenous.fr\/index.php\/author\/agnesriviere\/"}]}},"_links":{"self":[{"href":"https:\/\/encrenous.fr\/index.php\/wp-json\/wp\/v2\/posts\/1047","targetHints":{"allow":["GET"]}}],"collection":[{"href":"https:\/\/encrenous.fr\/index.php\/wp-json\/wp\/v2\/posts"}],"about":[{"href":"https:\/\/encrenous.fr\/index.php\/wp-json\/wp\/v2\/types\/post"}],"author":[{"embeddable":true,"href":"https:\/\/encrenous.fr\/index.php\/wp-json\/wp\/v2\/users\/1"}],"replies":[{"embeddable":true,"href":"https:\/\/encrenous.fr\/index.php\/wp-json\/wp\/v2\/comments?post=1047"}],"version-history":[{"count":58,"href":"https:\/\/encrenous.fr\/index.php\/wp-json\/wp\/v2\/posts\/1047\/revisions"}],"predecessor-version":[{"id":2275,"href":"https:\/\/encrenous.fr\/index.php\/wp-json\/wp\/v2\/posts\/1047\/revisions\/2275"}],"wp:featuredmedia":[{"embeddable":true,"href":"https:\/\/encrenous.fr\/index.php\/wp-json\/wp\/v2\/media\/1973"}],"wp:attachment":[{"href":"https:\/\/encrenous.fr\/index.php\/wp-json\/wp\/v2\/media?parent=1047"}],"wp:term":[{"taxonomy":"category","embeddable":true,"href":"https:\/\/encrenous.fr\/index.php\/wp-json\/wp\/v2\/categories?post=1047"},{"taxonomy":"post_tag","embeddable":true,"href":"https:\/\/encrenous.fr\/index.php\/wp-json\/wp\/v2\/tags?post=1047"}],"curies":[{"name":"wp","href":"https:\/\/api.w.org\/{rel}","templated":true}]}}