{"id":1577,"date":"2025-01-13T17:50:35","date_gmt":"2025-01-13T16:50:35","guid":{"rendered":"https:\/\/encrenous.fr\/?p=1577"},"modified":"2025-07-04T15:34:21","modified_gmt":"2025-07-04T13:34:21","slug":"realisations-2024","status":"publish","type":"post","link":"https:\/\/encrenous.fr\/index.php\/2025\/01\/13\/realisations-2024\/","title":{"rendered":"R\u00e9alisations 2024, c\u00f4t\u00e9 livres"},"content":{"rendered":"\n<h2 class=\"wp-block-heading\" style=\"font-size:28px\"><strong>Une histoire, un conteur, un scripteur, un livre<\/strong><\/h2>\n\n\n\n<p class=\"has-text-align-left\"><strong>Une aventure hors norme<\/strong>, <strong>\u00e7a se partage&#8230;<\/strong><\/p>\n\n\n<div class=\"wp-block-image\">\n<figure class=\"alignleft size-medium\"><img loading=\"lazy\" decoding=\"async\" width=\"212\" height=\"300\" src=\"https:\/\/encrenous.fr\/wp-content\/uploads\/2025\/01\/2-212x300.png\" alt=\"\" class=\"wp-image-1581\" srcset=\"https:\/\/encrenous.fr\/wp-content\/uploads\/2025\/01\/2-212x300.png 212w, https:\/\/encrenous.fr\/wp-content\/uploads\/2025\/01\/2-724x1024.png 724w, https:\/\/encrenous.fr\/wp-content\/uploads\/2025\/01\/2-768x1086.png 768w, https:\/\/encrenous.fr\/wp-content\/uploads\/2025\/01\/2-1086x1536.png 1086w, https:\/\/encrenous.fr\/wp-content\/uploads\/2025\/01\/2.png 1414w\" sizes=\"(max-width: 212px) 100vw, 212px\" \/><figcaption class=\"wp-element-caption\">Transcrire son aventure en r\u00e9cit<\/figcaption><\/figure><\/div>\n\n\n<p>Plus facile de marcher que d\u2019\u00e9crire ? \u00e7a d\u00e9pend pour qui.<\/p>\n\n\n\n<p>Pascal Perrotin, le randonneur a racont\u00e9, je l&rsquo;ai \u00e9cout\u00e9 puis j&rsquo;ai retranscrit ce qu&rsquo;il souhaitait transmettre, faire d\u00e9couvrir de sa randonn\u00e9e de six mois \u00e0 travers les Rocheuses : l&rsquo;organisation, les rencontres, les \u00e9motions ; fabuleux voyage accompagn\u00e9 de photos de paysages, de co-hikers&#8230;<\/p>\n\n\n<div class=\"wp-block-image\">\n<figure class=\"aligncenter size-medium\"><img loading=\"lazy\" decoding=\"async\" width=\"188\" height=\"300\" src=\"https:\/\/encrenous.fr\/wp-content\/uploads\/2025\/02\/Capture-decran-2025-01-13-a-16.45.09-188x300.png\" alt=\"\" class=\"wp-image-1609\" srcset=\"https:\/\/encrenous.fr\/wp-content\/uploads\/2025\/02\/Capture-decran-2025-01-13-a-16.45.09-188x300.png 188w, https:\/\/encrenous.fr\/wp-content\/uploads\/2025\/02\/Capture-decran-2025-01-13-a-16.45.09.png 401w\" sizes=\"(max-width: 188px) 100vw, 188px\" \/><\/figure><\/div>\n\n\n<div style=\"height:15px\" aria-hidden=\"true\" class=\"wp-block-spacer\"><\/div>\n\n\n\n<h2 class=\"wp-block-heading\">Deux livres de nouvelles \u00e0 relire<\/h2>\n\n\n<div class=\"wp-block-image\">\n<figure class=\"alignright size-medium is-resized\"><img loading=\"lazy\" decoding=\"async\" width=\"167\" height=\"300\" src=\"https:\/\/encrenous.fr\/wp-content\/uploads\/2025\/01\/Martine-167x300.jpg\" alt=\"\" class=\"wp-image-1589\" style=\"width:167px;height:auto\" srcset=\"https:\/\/encrenous.fr\/wp-content\/uploads\/2025\/01\/Martine-167x300.jpg 167w, https:\/\/encrenous.fr\/wp-content\/uploads\/2025\/01\/Martine-569x1024.jpg 569w, https:\/\/encrenous.fr\/wp-content\/uploads\/2025\/01\/Martine.jpg 620w\" sizes=\"(max-width: 167px) 100vw, 167px\" \/><\/figure><\/div>\n\n<div class=\"wp-block-image\">\n<figure class=\"alignright size-medium\"><img loading=\"lazy\" decoding=\"async\" width=\"300\" height=\"251\" src=\"https:\/\/encrenous.fr\/wp-content\/uploads\/2025\/01\/Martine-2-2-300x251.jpg\" alt=\"\" class=\"wp-image-1594\" srcset=\"https:\/\/encrenous.fr\/wp-content\/uploads\/2025\/01\/Martine-2-2-300x251.jpg 300w, https:\/\/encrenous.fr\/wp-content\/uploads\/2025\/01\/Martine-2-2-768x644.jpg 768w, https:\/\/encrenous.fr\/wp-content\/uploads\/2025\/01\/Martine-2-2.jpg 940w\" sizes=\"(max-width: 300px) 100vw, 300px\" \/><figcaption class=\"wp-element-caption\">Quatre nouvelles pour <em>grandir<\/em><\/figcaption><\/figure><\/div>\n\n\n<p class=\"has-text-align-left\">Mon oeil neuf a aid\u00e9 Martine Duch\u00eane \u00e0 rep\u00e9rer les :<\/p>\n\n\n\n<ul>\n<li>coquilles<\/li>\n\n\n\n<li>r\u00e9p\u00e9titions<\/li>\n\n\n\n<li>\u00e9ventuelles confusions pour le lecteur<\/li>\n<\/ul>\n\n\n\n<p><\/p>\n\n\n\n<div style=\"height:15px\" aria-hidden=\"true\" class=\"wp-block-spacer\"><\/div>\n\n\n\n<h2 class=\"wp-block-heading\">Un r\u00e9cit de vie \u00e0 mettre en forme<\/h2>\n\n\n<div class=\"wp-block-image\">\n<figure class=\"alignleft size-medium is-resized\"><img loading=\"lazy\" decoding=\"async\" width=\"212\" height=\"300\" src=\"https:\/\/encrenous.fr\/wp-content\/uploads\/2025\/02\/Alphonse-V-212x300.png\" alt=\"\" class=\"wp-image-1604\" style=\"width:195px;height:auto\" srcset=\"https:\/\/encrenous.fr\/wp-content\/uploads\/2025\/02\/Alphonse-V-212x300.png 212w, https:\/\/encrenous.fr\/wp-content\/uploads\/2025\/02\/Alphonse-V-724x1024.png 724w, https:\/\/encrenous.fr\/wp-content\/uploads\/2025\/02\/Alphonse-V-768x1086.png 768w, https:\/\/encrenous.fr\/wp-content\/uploads\/2025\/02\/Alphonse-V-1086x1536.png 1086w, https:\/\/encrenous.fr\/wp-content\/uploads\/2025\/02\/Alphonse-V.png 1414w\" sizes=\"(max-width: 212px) 100vw, 212px\" \/><figcaption class=\"wp-element-caption\">Ma vie racont\u00e9e \u00e0 ma famille<\/figcaption><\/figure><\/div>\n\n\n<p class=\"has-text-align-left\">Pour ce livre, j&rsquo;ai recopi\u00e9 le manuscrit d&rsquo;Alphonse V., tout en v\u00e9rifiant orthographe et grammaire, sans alt\u00e9rer sa pens\u00e9e ni son style. Puis j&rsquo;ai fait la mise en page, et enfin me suis occup\u00e9e de l&rsquo;\u00e9dition.<\/p>\n\n\n\n<div style=\"height:15px\" aria-hidden=\"true\" class=\"wp-block-spacer\"><\/div>\n\n\n\n<div style=\"height:14px\" aria-hidden=\"true\" class=\"wp-block-spacer\"><\/div>\n\n\n\n<h2 class=\"wp-block-heading\">Le t\u00e9moignage d&rsquo;un journaliste<\/h2>\n\n\n\n<h2 class=\"wp-block-heading\"><\/h2>\n\n\n\n<figure class=\"wp-block-image size-medium\"><img loading=\"lazy\" decoding=\"async\" width=\"193\" height=\"300\" src=\"https:\/\/encrenous.fr\/wp-content\/uploads\/2025\/02\/Thierry-Gaytan-193x300.jpeg\" alt=\"\" class=\"wp-image-1605\" srcset=\"https:\/\/encrenous.fr\/wp-content\/uploads\/2025\/02\/Thierry-Gaytan-193x300.jpeg 193w, https:\/\/encrenous.fr\/wp-content\/uploads\/2025\/02\/Thierry-Gaytan.jpeg 428w\" sizes=\"(max-width: 193px) 100vw, 193px\" \/><figcaption class=\"wp-element-caption\">\u00c9crire l&rsquo;envers du d\u00e9cor<\/figcaption><\/figure>\n\n\n\n<p>Travail de longue haleine : au fur et \u00e0 mesure que j&rsquo;enregistrais le t\u00e9moignage de Thierry Gaytan, reporter qui a r\u00e9alis\u00e9 de nombreux reportages en Am\u00e9rique centrale et en Am\u00e9rique du Sud, j&rsquo;\u00e9crivais les diff\u00e9rents chapitres, le plus souvent en visionnant ses documentaires pour bien m&rsquo;impr\u00e9gner de l&rsquo;ambiance, et lui envoyais les textes qu&rsquo;il relisait ; parfois lui revenait un souvenir qu&rsquo;il ajoutait pour compl\u00e9ter son r\u00e9cit. Car, bien s\u00fbr, le dernier mot revient \u00e0 l&rsquo;auteur.<\/p>\n","protected":false},"excerpt":{"rendered":"<p>Une histoire, un conteur, un scripteur, un livre Une aventure hors norme, \u00e7a se partage&#8230; Plus facile de marcher que d\u2019\u00e9crire ? \u00e7a d\u00e9pend pour qui. Pascal Perrotin, le randonneur a racont\u00e9, je l&rsquo;ai \u00e9cout\u00e9 puis j&rsquo;ai retranscrit ce qu&rsquo;il souhaitait transmettre, faire d\u00e9couvrir de sa randonn\u00e9e de six mois \u00e0 travers les Rocheuses : [&hellip;]<\/p>\n","protected":false},"author":1,"featured_media":0,"comment_status":"open","ping_status":"open","sticky":false,"template":"","format":"standard","meta":{"footnotes":""},"categories":[26],"tags":[],"_links":{"self":[{"href":"https:\/\/encrenous.fr\/index.php\/wp-json\/wp\/v2\/posts\/1577"}],"collection":[{"href":"https:\/\/encrenous.fr\/index.php\/wp-json\/wp\/v2\/posts"}],"about":[{"href":"https:\/\/encrenous.fr\/index.php\/wp-json\/wp\/v2\/types\/post"}],"author":[{"embeddable":true,"href":"https:\/\/encrenous.fr\/index.php\/wp-json\/wp\/v2\/users\/1"}],"replies":[{"embeddable":true,"href":"https:\/\/encrenous.fr\/index.php\/wp-json\/wp\/v2\/comments?post=1577"}],"version-history":[{"count":12,"href":"https:\/\/encrenous.fr\/index.php\/wp-json\/wp\/v2\/posts\/1577\/revisions"}],"predecessor-version":[{"id":1631,"href":"https:\/\/encrenous.fr\/index.php\/wp-json\/wp\/v2\/posts\/1577\/revisions\/1631"}],"wp:attachment":[{"href":"https:\/\/encrenous.fr\/index.php\/wp-json\/wp\/v2\/media?parent=1577"}],"wp:term":[{"taxonomy":"category","embeddable":true,"href":"https:\/\/encrenous.fr\/index.php\/wp-json\/wp\/v2\/categories?post=1577"},{"taxonomy":"post_tag","embeddable":true,"href":"https:\/\/encrenous.fr\/index.php\/wp-json\/wp\/v2\/tags?post=1577"}],"curies":[{"name":"wp","href":"https:\/\/api.w.org\/{rel}","templated":true}]}}